[{"@context":"https:\/\/schema.org\/","@type":"Article","@id":"https:\/\/www.aaaplus.cz\/nekdy-nam-neni-mobil-k-nicemu\/#Article","mainEntityOfPage":"https:\/\/www.aaaplus.cz\/nekdy-nam-neni-mobil-k-nicemu\/","headline":"N\u011bkdy n\u00e1m nen\u00ed mobil k ni\u010demu","name":"N\u011bkdy n\u00e1m nen\u00ed mobil k ni\u010demu","description":"Ur\u010dit\u011b se shodneme na tom, \u017ee jsou mobiln\u00ed telefony hodn\u011b u\u017eite\u010dn\u00e1 za\u0159\u00edzen\u00ed. \u017de n\u00e1m poskytuj\u00ed slu\u017eby, kter\u00e9 p\u0159ich\u00e1zej\u00ed n\u00e1ramn\u011b vhod. A i kdy\u017e maj\u00ed i sv\u00e1 negativa, t\u0159eba to, \u017ee<strong>&hellip;<\/strong>","datePublished":"2026-02-03","dateModified":"2026-02-03","author":{"@type":"Person","@id":"https:\/\/www.aaaplus.cz\/author\/#Person","name":"","url":"https:\/\/www.aaaplus.cz\/author\/","identifier":1,"image":{"@type":"ImageObject","@id":"https:\/\/secure.gravatar.com\/avatar\/0dc285cbe86eecc8073f119fcb2e2c7032b51533f5bb47611c7d4a598558b8b7?s=96&d=mm&r=g","url":"https:\/\/secure.gravatar.com\/avatar\/0dc285cbe86eecc8073f119fcb2e2c7032b51533f5bb47611c7d4a598558b8b7?s=96&d=mm&r=g","height":96,"width":96}},"publisher":{"@type":"Organization","name":"aaaplus.cz","logo":{"@type":"ImageObject","@id":"\/logo.png","url":"\/logo.png","width":600,"height":60}},"image":{"@type":"ImageObject","@id":"https:\/\/www.aaaplus.cz\/wp-content\/uploads\/nn_10_4.jpg","url":"https:\/\/www.aaaplus.cz\/wp-content\/uploads\/nn_10_4.jpg","height":0,"width":0},"url":"https:\/\/www.aaaplus.cz\/nekdy-nam-neni-mobil-k-nicemu\/","about":["Zbo\u017e\u00ed"],"wordCount":437,"articleBody":"       Ur\u010dit\u011b se shodneme na tom, \u017ee jsou mobiln\u00ed telefony hodn\u011b u\u017eite\u010dn\u00e1 za\u0159\u00edzen\u00ed. \u017de n\u00e1m poskytuj\u00ed slu\u017eby, kter\u00e9 p\u0159ich\u00e1zej\u00ed n\u00e1ramn\u011b vhod. A i kdy\u017e maj\u00ed i sv\u00e1 negativa, t\u0159eba to, \u017ee jejich zvon\u011bn\u00ed n\u011bkdy ru\u0161\u00ed i v t\u011bch nejnevhodn\u011bj\u0161\u00edch chv\u00edl\u00edch, kdy je pot\u0159eba m\u00edt klid, ur\u010dit\u011b se jich nez\u0159\u00edk\u00e1me. Toho dobr\u00e9ho je v\u00edc ne\u017e toho \u0161patn\u00e9ho. Ale p\u0159esto jsou i chv\u00edle, kdy n\u00e1m takov\u00e9 mobiln\u00ed telefony nejsou zhola k ni\u010demu. A to plat\u00ed i pro ty nejlep\u0161\u00ed z nich, pro nejmodern\u011bj\u0161\u00ed a nejdra\u017e\u0161\u00ed chytr\u00e9 telefony. A kdy nastane takov\u00e1 situace, \u017ee je podobn\u00fd mobil zbyte\u010dn\u00fd? P\u0159ece tehdy, kdy\u017e se n\u00e1m vybije. Kdy\u017e je ve\u0161ker\u00e1 energie ta tam, telefon prost\u011b zhasne a stane se z n\u011bj pouh\u00e1 nic ned\u011blaj\u00edc\u00ed krabi\u010dka, kterou lze vyu\u017e\u00edt snad leda jako t\u011b\u017e\u00edtko.A co d\u011bl\u00e1me, aby k tomu nedo\u0161lo? Pochopiteln\u011b si takov\u00e9 mobiln\u00ed telefony nab\u00edj\u00edme. A co pot\u0159ebujeme k tomu, abychom si je nab\u00edjet mohli? Samoz\u0159ejm\u011b ty spr\u00e1vn\u00e9 nab\u00edje\u010dky. Bez kter\u00fdch bychom se skute\u010dn\u011b neobe\u0161li. Kter\u00e9 jsou sice ve srovn\u00e1n\u00ed s mobiln\u00edmi telefony ban\u00e1ln\u00edmi za\u0159\u00edzen\u00edmi, ale p\u0159esto jsou velice d\u016fle\u017eit\u00e9. Ur\u010dit\u011b mi d\u00e1te za pravdu, \u017ee ani vy byste se bez t\u00e9 prav\u00e9 nab\u00edje\u010dky neobe\u0161li. A pro leckoho z n\u00e1s je takto nepostradateln\u00e1 pr\u00e1v\u011b nab\u00edje\u010dka na iPhone https:\/\/www.ipouzdro.cz\/nabijecky-na-iphone\/. Proto\u017ee tu sta\u010d\u00ed zapojit do s\u00edt\u011b a hned jej\u00edm kabelem proud\u00ed do mobilu \u201a\u017eivotod\u00e1rn\u00e1\u2018 energie, bez kter\u00e9 by tento byl neupot\u0159ebiteln\u00fd. A d\u00edky tomu, \u017ee je tu zaji\u0161t\u011bno nab\u00edjen\u00ed rychl\u00e9, bezpe\u010dn\u00e9 a efektivn\u00ed, nen\u00ed pr\u00e1v\u011b nad takovou nab\u00edje\u010dku. U zm\u00edn\u011bn\u00e9 nab\u00edje\u010dky si lze vyb\u00edrat z v\u00edce r\u016fzn\u00fdch variant, d\u00edky \u010demu\u017e je zaji\u0161t\u011bna i \u0161irok\u00e1 kompatibilita s r\u016fzn\u00fdmi typy iPhon\u016f, lze si tu vyb\u00edrat i podle toho, jak\u00fd m\u00e1 takov\u00e1 nab\u00edje\u010dka v\u00fdkon, jak dlouh\u00fd kabel, v\u00fdznamn\u00e1 m\u016f\u017ee b\u00fdt i ochrana p\u0159ed p\u0159ep\u011bt\u00edm nebo zkratem\u2026 Prost\u011b se tu najde to prav\u00e9 pro ka\u017ed\u00e9ho. S jedinou v\u00fdjimkou. Tato nab\u00edje\u010dka v\u00e1m nebude k ni\u010demu samoz\u0159ejm\u011b tehdy, nem\u00e1te-li pat\u0159i\u010dn\u00fd mobiln\u00ed telefon nebo v\u00e1m odpojili elekt\u0159inu.                                                                                                                                                                                                                                                                                                                                                                                                  "},{"@context":"https:\/\/schema.org\/","@type":"BreadcrumbList","itemListElement":[{"@type":"ListItem","position":1,"name":"N\u011bkdy n\u00e1m nen\u00ed mobil k ni\u010demu","item":"https:\/\/www.aaaplus.cz\/nekdy-nam-neni-mobil-k-nicemu\/#breadcrumbitem"}]}]