[{"@context":"https:\/\/schema.org\/","@type":"Article","@id":"https:\/\/www.aaaplus.cz\/kam-se-budete-stehovat\/#Article","mainEntityOfPage":"https:\/\/www.aaaplus.cz\/kam-se-budete-stehovat\/","headline":"Kam se budete st\u011bhovat?","name":"Kam se budete st\u011bhovat?","description":"Kdy\u017e jsem bydlela na Slovensku, tak jsem si \u0159ekla, \u017ee u\u017e mi to asi sta\u010d\u00ed. J\u00e1 jsem se toti\u017e od n\u00e1s z \u010ceska st\u011bhovala na Slovensko za sv\u00fdm p\u0159\u00edtelem a<strong>&hellip;<\/strong>","datePublished":"2026-01-09","dateModified":"2026-01-09","author":{"@type":"Person","@id":"https:\/\/www.aaaplus.cz\/author\/#Person","name":"","url":"https:\/\/www.aaaplus.cz\/author\/","identifier":1,"image":{"@type":"ImageObject","@id":"https:\/\/secure.gravatar.com\/avatar\/0dc285cbe86eecc8073f119fcb2e2c7032b51533f5bb47611c7d4a598558b8b7?s=96&d=mm&r=g","url":"https:\/\/secure.gravatar.com\/avatar\/0dc285cbe86eecc8073f119fcb2e2c7032b51533f5bb47611c7d4a598558b8b7?s=96&d=mm&r=g","height":96,"width":96}},"publisher":{"@type":"Organization","name":"aaaplus.cz","logo":{"@type":"ImageObject","@id":"\/logo.png","url":"\/logo.png","width":600,"height":60}},"image":{"@type":"ImageObject","@id":"https:\/\/www.aaaplus.cz\/wp-content\/uploads\/krabice_10_1.png","url":"https:\/\/www.aaaplus.cz\/wp-content\/uploads\/krabice_10_1.png","height":0,"width":0},"url":"https:\/\/www.aaaplus.cz\/kam-se-budete-stehovat\/","about":["Slu\u017eby"],"wordCount":487,"articleBody":"       Kdy\u017e jsem bydlela na Slovensku, tak jsem si \u0159ekla, \u017ee u\u017e mi to asi sta\u010d\u00ed. J\u00e1 jsem se toti\u017e od n\u00e1s z \u010ceska st\u011bhovala na Slovensko za sv\u00fdm p\u0159\u00edtelem a tak\u00e9 za sv\u00fdm zam\u011bstn\u00e1n\u00edm. Na Slovensku jsem bydlela p\u00e1r m\u011bs\u00edc\u016f. Samoz\u0159ejm\u011b, \u017ee je to docela chvilka. Cht\u011bla jsem tam vlastn\u011b u\u017e z\u016fstat. Cht\u011bla jsem tam tak\u00e9 se sv\u00fdm partnerem zalo\u017eit rodinu a cht\u011bla jsem tam tak\u00e9 kari\u00e9rn\u011b r\u016fst. Jenom\u017ee, kdy\u017e jsem se dozv\u011bd\u011bla, \u017ee kdy\u017e jsem tam bydlela asi dva nebo t\u0159i m\u011bs\u00edce a partner m\u011b podv\u00e1d\u00ed, tak jsem si \u0159ekla, \u017ee tam rozhodn\u011b nez\u016fstanu, \u017ee nez\u016fstanou ani s partnerem. Nejsem typ \u010dlov\u011bka, kter\u00fd by dok\u00e1zal odpustit nev\u011bru, tak jsem si \u0159ekla, \u017ee tady je na prvn\u00edm m\u00edst\u011b d\u016fle\u017eit\u00e9 st\u011bhov\u00e1n\u00ed.A opravdu naj\u00edt kvalitn\u00ed st\u011bhovac\u00ed firmu, kter\u00e1 m\u011b p\u0159est\u011bhuje zp\u00e1tky do m\u00e9ho rodn\u00e9ho m\u011bsta. Byla jsem z toho opravdu hodn\u011b ne\u0161\u0165astn\u00e1. Samoz\u0159ejm\u011b, \u017ee mi to tak\u00e9 trvalo velice dlouho, ne\u017e jsem se rozhodla, proto\u017ee mi tak\u00e9 trvalo dlouho, ne\u017e jsem na\u0161la kvalitn\u00ed st\u011bhovac\u00ed firmu. Tak\u00e9 mus\u00edm \u0159\u00edct, \u017ee ze za\u010d\u00e1tku jsem m\u011bla opravdu velik\u00e9 obavy a m\u011bla jsem tak\u00e9 samoz\u0159ejm\u011b strach, proto\u017ee jsem je\u0161t\u011b nev\u011bd\u011bla, jakou firmu si m\u00e1m sehnat. A tu. kterou u\u017e jsem m\u011bla, tak jsem na to zapomn\u011bla telefonn\u00ed \u010d\u00edslo a absolutn\u011b jsem nev\u011bd\u011bla, kdy jsem tu st\u011bhovac\u00ed firmu na\u0161la. Nakonec mi moje kamar\u00e1dka \u0159ekla, \u017ee si tu st\u011bhovac\u00ed firmu pamatuje, \u017ee i ona n\u011bkolikr\u00e1t vyu\u017eila jejich slu\u017eeb.\u0158ekla jsem si, \u017ee kdy\u017e kamar\u00e1dka ji m\u011bla a m\u00e1 tak\u00e9 opravdu kvalitn\u00ed a pozitivn\u00ed zku\u0161enosti, \u017ee to ur\u010dit\u011b bude ta stejn\u00e1 firma, kter\u00e1 kdysi st\u011bhovala m\u011b od n\u00e1s z republiky na Slovensko. Opravdu to nakonec v\u0161echno dopadlo perfektn\u011b. Dopadlo to v\u0161echno podle m\u00fdch p\u0159edstav, v\u0161echno zbo\u017e\u00ed a v\u0161echny v\u011bci nebo i n\u00e1bytek se p\u0159est\u011bhoval opravdu perfektn\u011b. Nikde nic nebylo rozbit\u00e9 nebo na\u0165ukl\u00e9 nebo po\u0161kr\u00e1ban\u00e9. Tak\u017ee jsem byla opravdu maxim\u00e1ln\u011b spokojen\u00e1. Dokonce jsem firm\u011b nechala opravdu \u0161t\u011bdr\u00e9 d\u00fd\u0161ko. \u0158ekla jsem si, \u017ee kdy\u017e tak\u00e9 m\u011bli \u010das a mohli m\u00edt k dispozici t\u00e9m\u011b\u0159 okam\u017eit\u011b, tak jsem si \u0159ekla, \u017ee je to opravdu maxim\u00e1ln\u011b spolehliv\u00e1 a profesion\u00e1ln\u00ed firma. Ur\u010dit\u011b ji m\u016f\u017eete tak\u00e9 vyu\u017e\u00edt. St\u011bhov\u00e1n\u00ed do zahrani\u010d\u00ed https:\/\/www.zahranicnistehovani.cz\/ m\u016f\u017ee b\u00fdt pro n\u011bkoho velice n\u00e1ro\u010dn\u00e9. Proto je nejlep\u0161\u00ed, \u017ee pokud se st\u011bhujete do zahrani\u010d\u00ed, abyste si najali n\u011bjakou profesion\u00e1ln\u00ed st\u011bhovac\u00ed firmu.                                                                                                                                                                                                                                                                                                                                                                                                   "},{"@context":"https:\/\/schema.org\/","@type":"BreadcrumbList","itemListElement":[{"@type":"ListItem","position":1,"name":"Kam se budete st\u011bhovat?","item":"https:\/\/www.aaaplus.cz\/kam-se-budete-stehovat\/#breadcrumbitem"}]}]